{"id":784,"date":"2019-04-12T20:09:00","date_gmt":"2019-04-12T17:09:00","guid":{"rendered":"http:\/\/niemelankyla.net\/?p=784"},"modified":"2019-04-12T20:22:32","modified_gmt":"2019-04-12T17:22:32","slug":"paasiaiskokko-2","status":"publish","type":"post","link":"http:\/\/niemelankyla.net\/index.php\/2019\/04\/12\/paasiaiskokko-2\/","title":{"rendered":"P\u00e4\u00e4si\u00e4iskokko"},"content":{"rendered":"\n<figure class=\"wp-block-image\"><img loading=\"lazy\" decoding=\"async\" width=\"679\" height=\"960\" src=\"http:\/\/niemelankyla.net\/wp-content\/uploads\/2019\/04\/kokko.jpg\" alt=\"\" class=\"wp-image-785\" srcset=\"http:\/\/niemelankyla.net\/wp-content\/uploads\/2019\/04\/kokko.jpg 679w, http:\/\/niemelankyla.net\/wp-content\/uploads\/2019\/04\/kokko-212x300.jpg 212w\" sizes=\"auto, (max-width: 679px) 100vw, 679px\" \/><figcaption><br><br>Tervetuloa kokolle!<\/figcaption><\/figure>\n\n\n\n<p><strong>Perinteinen Niemel\u00e4nkyl\u00e4n p\u00e4\u00e4si\u00e4iskokko lauantaina 20.4. klo 21.00. <\/strong><br>Myynniss\u00e4 on makkaraa, kahvia ja leivonnaisia. Varaa pient\u00e4 rahaa mukaan.&nbsp;<br> J\u00e4rjest\u00e4j\u00e4n\u00e4 on Niemel\u00e4n koulun vanhempainryhm\u00e4 ja tapahtumasta saadut tuotot k\u00e4ytet\u00e4\u00e4n oppilaiden hyv\u00e4ksi (t\u00e4n\u00e4 vuonna retkien j\u00e4rjest\u00e4miseen).    <\/p>\n","protected":false},"excerpt":{"rendered":"<p>Perinteinen Niemel\u00e4nkyl\u00e4n p\u00e4\u00e4si\u00e4iskokko lauantaina 20.4. klo 21.00. Myynniss\u00e4 on makkaraa, kahvia ja leivonnaisia. Varaa pient\u00e4 rahaa mukaan.&nbsp; J\u00e4rjest\u00e4j\u00e4n\u00e4 on Niemel\u00e4n koulun vanhempainryhm\u00e4 ja tapahtumasta saadut tuotot k\u00e4ytet\u00e4\u00e4n oppilaiden hyv\u00e4ksi (t\u00e4n\u00e4 vuonna retkien j\u00e4rjest\u00e4miseen).<\/p>\n","protected":false},"author":1,"featured_media":0,"comment_status":"closed","ping_status":"closed","sticky":false,"template":"","format":"standard","meta":{"footnotes":""},"categories":[1],"tags":[],"class_list":["post-784","post","type-post","status-publish","format-standard","hentry","category-yleinen"],"_links":{"self":[{"href":"http:\/\/niemelankyla.net\/index.php\/wp-json\/wp\/v2\/posts\/784","targetHints":{"allow":["GET"]}}],"collection":[{"href":"http:\/\/niemelankyla.net\/index.php\/wp-json\/wp\/v2\/posts"}],"about":[{"href":"http:\/\/niemelankyla.net\/index.php\/wp-json\/wp\/v2\/types\/post"}],"author":[{"embeddable":true,"href":"http:\/\/niemelankyla.net\/index.php\/wp-json\/wp\/v2\/users\/1"}],"replies":[{"embeddable":true,"href":"http:\/\/niemelankyla.net\/index.php\/wp-json\/wp\/v2\/comments?post=784"}],"version-history":[{"count":4,"href":"http:\/\/niemelankyla.net\/index.php\/wp-json\/wp\/v2\/posts\/784\/revisions"}],"predecessor-version":[{"id":793,"href":"http:\/\/niemelankyla.net\/index.php\/wp-json\/wp\/v2\/posts\/784\/revisions\/793"}],"wp:attachment":[{"href":"http:\/\/niemelankyla.net\/index.php\/wp-json\/wp\/v2\/media?parent=784"}],"wp:term":[{"taxonomy":"category","embeddable":true,"href":"http:\/\/niemelankyla.net\/index.php\/wp-json\/wp\/v2\/categories?post=784"},{"taxonomy":"post_tag","embeddable":true,"href":"http:\/\/niemelankyla.net\/index.php\/wp-json\/wp\/v2\/tags?post=784"}],"curies":[{"name":"wp","href":"https:\/\/api.w.org\/{rel}","templated":true}]}}