{"id":854,"date":"2022-05-05T10:25:30","date_gmt":"2022-05-05T07:25:30","guid":{"rendered":"http:\/\/niemelankyla.net\/?p=854"},"modified":"2022-05-05T10:32:48","modified_gmt":"2022-05-05T07:32:48","slug":"niemelankylan-kylayhdistyksen-vuosikokous","status":"publish","type":"post","link":"https:\/\/niemelankyla.net\/index.php\/2022\/05\/05\/niemelankylan-kylayhdistyksen-vuosikokous\/","title":{"rendered":""},"content":{"rendered":"\n<p class=\"has-text-align-center has-large-font-size\"><strong>Niemel\u00e4nkyl\u00e4n kyl\u00e4yhdistyksen VUOSIKOKOUS<\/strong><\/p>\n\n\n\n<p class=\"has-text-align-center\"><strong>Tiistaina 17.5.2022 Niemel\u00e4n koululla klo 18.00<\/strong><\/p>\n\n\n\n<p class=\"has-text-align-center\">Esill\u00e4 s\u00e4\u00e4nt\u00f6m\u00e4\u00e4r\u00e4iset asiat sek\u00e4 yhdistyksen uudet s\u00e4\u00e4nn\u00f6t<\/p>\n\n\n\n<p class=\"has-text-align-center\"><strong>KAHVITARJOILU!<\/strong><\/p>\n\n\n\n<p class=\"has-text-align-center\"><strong>Tervetuloa!<\/strong><\/p>\n\n\n\n<p class=\"has-text-align-center\"><em>Kyl\u00e4yhdistys kaipaa uusia kyl\u00e4l\u00e4isi\u00e4 toimintaan mukaan. Uusille ja my\u00f6s vanhoille kyl\u00e4l\u00e4isille toiminta tarjoaa mukavaa ja rentoa yhdess\u00e4oloa erilaisten tapahtumien merkeiss\u00e4. Kyl\u00e4 ja kyl\u00e4l\u00e4iset tulevat samalla tutuiksi! Toimintaan voi osallistua itselleen sopivalla tavalla. Hallituksen kokouksia on harvakseltaan, n.2kk v\u00e4lein. Kyl\u00e4yhdistys on avoin uusille ideoille ja ajatuksille.<\/em><\/p>\n\n\n\n<p class=\"has-text-align-center\"><em>Tule kuuntelemaan toiminnasta vuosikokoukseen, pidet\u00e4\u00e4n yhdess\u00e4 kyl\u00e4 vire\u00e4n\u00e4!<\/em><\/p>\n","protected":false},"excerpt":{"rendered":"<p>Niemel\u00e4nkyl\u00e4n kyl\u00e4yhdistyksen VUOSIKOKOUS Tiistaina 17.5.2022 Niemel\u00e4n koululla klo 18.00 Esill\u00e4 s\u00e4\u00e4nt\u00f6m\u00e4\u00e4r\u00e4iset asiat sek\u00e4 yhdistyksen uudet s\u00e4\u00e4nn\u00f6t KAHVITARJOILU! Tervetuloa! Kyl\u00e4yhdistys kaipaa uusia kyl\u00e4l\u00e4isi\u00e4 toimintaan mukaan. Uusille ja my\u00f6s vanhoille kyl\u00e4l\u00e4isille toiminta tarjoaa mukavaa ja rentoa yhdess\u00e4oloa erilaisten tapahtumien merkeiss\u00e4. Kyl\u00e4 ja kyl\u00e4l\u00e4iset tulevat samalla tutuiksi! Toimintaan voi osallistua itselleen sopivalla tavalla. Hallituksen kokouksia on harvakseltaan, n.2kk [&hellip;]<\/p>\n","protected":false},"author":1,"featured_media":0,"comment_status":"closed","ping_status":"closed","sticky":false,"template":"","format":"standard","meta":{"footnotes":""},"categories":[1],"tags":[],"class_list":["post-854","post","type-post","status-publish","format-standard","hentry","category-yleinen"],"_links":{"self":[{"href":"https:\/\/niemelankyla.net\/index.php\/wp-json\/wp\/v2\/posts\/854","targetHints":{"allow":["GET"]}}],"collection":[{"href":"https:\/\/niemelankyla.net\/index.php\/wp-json\/wp\/v2\/posts"}],"about":[{"href":"https:\/\/niemelankyla.net\/index.php\/wp-json\/wp\/v2\/types\/post"}],"author":[{"embeddable":true,"href":"https:\/\/niemelankyla.net\/index.php\/wp-json\/wp\/v2\/users\/1"}],"replies":[{"embeddable":true,"href":"https:\/\/niemelankyla.net\/index.php\/wp-json\/wp\/v2\/comments?post=854"}],"version-history":[{"count":2,"href":"https:\/\/niemelankyla.net\/index.php\/wp-json\/wp\/v2\/posts\/854\/revisions"}],"predecessor-version":[{"id":857,"href":"https:\/\/niemelankyla.net\/index.php\/wp-json\/wp\/v2\/posts\/854\/revisions\/857"}],"wp:attachment":[{"href":"https:\/\/niemelankyla.net\/index.php\/wp-json\/wp\/v2\/media?parent=854"}],"wp:term":[{"taxonomy":"category","embeddable":true,"href":"https:\/\/niemelankyla.net\/index.php\/wp-json\/wp\/v2\/categories?post=854"},{"taxonomy":"post_tag","embeddable":true,"href":"https:\/\/niemelankyla.net\/index.php\/wp-json\/wp\/v2\/tags?post=854"}],"curies":[{"name":"wp","href":"https:\/\/api.w.org\/{rel}","templated":true}]}}