{"id":865,"date":"2022-06-07T16:23:02","date_gmt":"2022-06-07T13:23:02","guid":{"rendered":"http:\/\/niemelankyla.net\/?p=865"},"modified":"2022-06-07T16:23:02","modified_gmt":"2022-06-07T13:23:02","slug":"digitaalisten-palveluiden-kylailta","status":"publish","type":"post","link":"https:\/\/niemelankyla.net\/index.php\/2022\/06\/07\/digitaalisten-palveluiden-kylailta\/","title":{"rendered":"Digitaalisten palveluiden KYL\u00c4ILTA"},"content":{"rendered":"\n<p>Niemel\u00e4n koululla ti 7.6.2022 akl. klo 18.00<\/p>\n\n\n\n<p>Fiksu Ylivieska -hanke j\u00e4rjest\u00e4\u00e4<\/p>\n\n\n\n<p>Digitaalisten palveluiden KYL\u00c4ILLAN Niemel\u00e4n koululla ti 7.6. alk. klo 18.00.<\/p>\n\n\n\n<p>Illan aikana kuullaan ajankohtaiset kuulumiset Ylivieskan kuituasiassa ja<\/p>\n\n\n\n<p>pohditaan digitaalisten palveluiden merkityst\u00e4 Centrian alustuksen pohjalta.<\/p>\n\n\n\n<p>Yhteisiss\u00e4 ty\u00f6pajoissa voi kertoa ajatuksistaan palveluiden kehitt\u00e4misest\u00e4.<\/p>\n\n\n\n<p>Tilaisuus on kaikille avoin ja maksuton.<\/p>\n\n\n\n<p>Kahvitarjoilu.<\/p>\n\n\n\n<figure class=\"wp-block-image size-large\"><img loading=\"lazy\" decoding=\"async\" width=\"1024\" height=\"721\" src=\"http:\/\/niemelankyla.net\/wp-content\/uploads\/2022\/06\/digitaaliset-palvelut-1024x721.jpg\" alt=\"\" class=\"wp-image-866\" srcset=\"https:\/\/niemelankyla.net\/wp-content\/uploads\/2022\/06\/digitaaliset-palvelut-1024x721.jpg 1024w, https:\/\/niemelankyla.net\/wp-content\/uploads\/2022\/06\/digitaaliset-palvelut-300x211.jpg 300w, https:\/\/niemelankyla.net\/wp-content\/uploads\/2022\/06\/digitaaliset-palvelut-768x541.jpg 768w, https:\/\/niemelankyla.net\/wp-content\/uploads\/2022\/06\/digitaaliset-palvelut.jpg 1477w\" sizes=\"auto, (max-width: 1024px) 100vw, 1024px\" \/><\/figure>\n","protected":false},"excerpt":{"rendered":"<p>Niemel\u00e4n koululla ti 7.6.2022 akl. klo 18.00 Fiksu Ylivieska -hanke j\u00e4rjest\u00e4\u00e4 Digitaalisten palveluiden KYL\u00c4ILLAN Niemel\u00e4n koululla ti 7.6. alk. klo 18.00. Illan aikana kuullaan ajankohtaiset kuulumiset Ylivieskan kuituasiassa ja pohditaan digitaalisten palveluiden merkityst\u00e4 Centrian alustuksen pohjalta. Yhteisiss\u00e4 ty\u00f6pajoissa voi kertoa ajatuksistaan palveluiden kehitt\u00e4misest\u00e4. Tilaisuus on kaikille avoin ja maksuton. Kahvitarjoilu.<\/p>\n","protected":false},"author":1,"featured_media":0,"comment_status":"closed","ping_status":"closed","sticky":false,"template":"","format":"standard","meta":{"footnotes":""},"categories":[1],"tags":[],"class_list":["post-865","post","type-post","status-publish","format-standard","hentry","category-yleinen"],"_links":{"self":[{"href":"https:\/\/niemelankyla.net\/index.php\/wp-json\/wp\/v2\/posts\/865","targetHints":{"allow":["GET"]}}],"collection":[{"href":"https:\/\/niemelankyla.net\/index.php\/wp-json\/wp\/v2\/posts"}],"about":[{"href":"https:\/\/niemelankyla.net\/index.php\/wp-json\/wp\/v2\/types\/post"}],"author":[{"embeddable":true,"href":"https:\/\/niemelankyla.net\/index.php\/wp-json\/wp\/v2\/users\/1"}],"replies":[{"embeddable":true,"href":"https:\/\/niemelankyla.net\/index.php\/wp-json\/wp\/v2\/comments?post=865"}],"version-history":[{"count":1,"href":"https:\/\/niemelankyla.net\/index.php\/wp-json\/wp\/v2\/posts\/865\/revisions"}],"predecessor-version":[{"id":867,"href":"https:\/\/niemelankyla.net\/index.php\/wp-json\/wp\/v2\/posts\/865\/revisions\/867"}],"wp:attachment":[{"href":"https:\/\/niemelankyla.net\/index.php\/wp-json\/wp\/v2\/media?parent=865"}],"wp:term":[{"taxonomy":"category","embeddable":true,"href":"https:\/\/niemelankyla.net\/index.php\/wp-json\/wp\/v2\/categories?post=865"},{"taxonomy":"post_tag","embeddable":true,"href":"https:\/\/niemelankyla.net\/index.php\/wp-json\/wp\/v2\/tags?post=865"}],"curies":[{"name":"wp","href":"https:\/\/api.w.org\/{rel}","templated":true}]}}